{"id":83782,"date":"2020-09-29T15:03:50","date_gmt":"2020-09-29T15:03:50","guid":{"rendered":"https:\/\/urba-kbau.be\/renier-nijskens-wij-moeten-onze-unieke-expertise-behouden\/"},"modified":"2024-05-29T14:12:22","modified_gmt":"2024-05-29T14:12:22","slug":"renier-nijskens-wij-moeten-onze-unieke-expertise-behouden","status":"publish","type":"post","link":"https:\/\/urba-kbau.be\/nl\/renier-nijskens-wij-moeten-onze-unieke-expertise-behouden\/","title":{"rendered":"Renier Nijskens : \u00ab Wij moeten onze unieke expertise behouden \u00bb"},"content":{"rendered":"\n<p>Ere-ambassadeur Renier Nijskens, die zijn lange diplomatieke carri\u00e8re be\u00ebindigde als speciaal gezant van Belgi\u00eb voor Centraal-Afrika, blikt terug op 60 jaar bewogen betrekkingen tussen Brussel en Kinshasa, waarbij Belgi\u00eb vaak tot zondebok werd gemaakt voor de slechte relaties tussen de Congolese regering en haar bevolking.<\/p>\n\n<p>Interview door Fran\u00e7ois Janne d&#8217;Oth\u00e9e<\/p>\n\n<h2 class=\"wp-block-heading\">Blijven de chaotische onafhankelijkheid van Congo en het rampzalige lot van premier Patrice Lumumba op de achtergrond van de zestig jaar betrekkingen tussen Belgi\u00eb en Congo?<\/h2>\n\n<p>Neen. Zelfs Laurent-D\u00e9sir\u00e9 Kabila heeft het met mij nooit over Lumumba gehad. In de tijd van Mobutu werd hij ook nooit genoemd, omdat Mobutu Lumumba zag als een obstakel voor zijn persoonlijke machtsplannen. Tijdens het tijdperk Kabila, vader en zoon, werd zijn tragische einde herdacht, maar dit was een ritueel dat niet verder ging dan een bepaalde kring. Lumumba is een persoon die groot is geworden door zijn moord. Hij was de eerste onafhankelijke eerste minister van Congo en hij was een controversieel figuur die in conflict kwam met president Kasa-Vubu. Bovendien werden in zijn naam gruweldaden begaan tijdens de Simba-opstand, waarbij tienduizenden Congolezen werden gedood en vele expats werden afgeslacht.      <\/p>\n\n<h2 class=\"wp-block-heading\">Toch zijn de figuren van Lumumba en Leopold II teruggekeerd om in Belgi\u00eb passies in de tegenovergestelde richting aan te wakkeren. Dit zijn dus perifere debatten? <\/h2>\n\n<p>Absoluut. Historische geschillen ontstaan enkel wanneer de relaties gespannen zijn. Voor de rest brengt niemand ze ter sprake. Behalve bepaalde historici die veranderen naargelang het regime, zoals Elikia M&#8217;Bokolo die, om Joseph Kabila een plezier te doen, zelfs heeft uitgevonden dat de periode van Leopold II overeenkomt met een genocide. Toegegeven, in bepaalde regio&#8217;s namen de misbruiken onaanvaardbare proporties aan, wat een internationale onderzoekscommissie, in opdracht van Leopold II zelf, in niet mis te verstane bewoordingen documenteerde, en wat leidde tot hervormingen. Maar toch, als alles aan de kolonisatie te wijten is, hoe kunnen we dan verklaren dat Belgen en Congolezen erin slaagden om een land zonder infrastructuur om te vormen tot een van de belangrijkste opkomende economie\u00ebn ter wereld, met een BBP dat hoger was dan dat van Zuid-Korea of Canada in die tijd?     <\/p>\n\n<p>Feit blijft dat Lumumba in zijn beroemde toespraak tot koning Boudewijn de kolonisator hekelde en wees op &#8220;de ironie, de beledigingen, de afranselingen die we &#8217;s morgens, &#8217;s middags en &#8217;s avonds moesten verduren omdat we negers waren&#8221;\u2026<\/p>\n\n<p>Deze toespraak kwam als een hevige schok. Het bevestigde degenen die in Patrice Lumumba een gevoel van anti-Belgische wraak hadden bespeurd, dat in contrast stond met zijn welwillende woorden v\u00f3\u00f3r de onafhankelijkheid. De rol van zijn adviseur Jean Van Lierde mag niet onderschat worden. Hij had de toespraak van Koning Boudewijn op voorhand kunnen raadplegen en Lumumba ervan kunnen overtuigen om de positieve kijk op de koloniale periode ter discussie te stellen. Hij begreep niet dat zijn woorden desastreuze gevolgen zouden hebben. Zijn moord op 17 januari 1961 had te maken met Amerikaanse medeplichtigheid en, zoals de Belgische parlementaire onderzoekscommissie in 2003 concludeerde, met de morele verantwoordelijkheid van Belgi\u00eb. Maar geen enkele Belgische autoriteit was rechtstreeks betrokken bij deze liquidatie, die werd beslist en uitgevoerd door de Katangese en Congolese autoriteiten.      <\/p>\n\n<h2 class=\"wp-block-heading\">De heerschappij van Joseph-D\u00e9sir\u00e9 Mobutu, die Mobutu Sese Seko werd bij de gratie<br\/>van &#8220;authenticiteit&#8221;, duurde twee\u00ebndertig jaar. Omdat hij zijn motto &#8220;Ik of de chaos&#8221; kon verkopen? <\/h2>\n\n<p>De staatsgreep van 1965 werd met opluchting begroet. Mobutu herstelde de orde en sprak van een welvarende toekomst en stabiele betrekkingen met Belgi\u00eb. Ons land was erin geslaagd een positie van gelijkheid in te nemen, van staat tot staat. Toen Mobutu bijvoorbeeld besloot om de Union mini\u00e8re du Haut-Katanga te nationaliseren, stemde Belgi\u00eb daarmee in. Als het paternalisme en overheersing had willen nastreven, had het gehandeld zoals Frankrijk met de financi\u00eble unie&#8230; De relaties waren goed, met als hoogtepunt de beroemde reis van Boudewijn en Fabiola in 1970. Het was toen dat de eerste interne Congolese breuk zich voordeed. Toen onze vorsten Mobutu vergezelden naar de mis op een zondag, sprak kardinaal Malula zich uit tegen de groeiende armoede in het land. Mobutu, groen van woede, viel Malula aan en zette de culturele revolutie in gang, waarbij Kerstmis, doopnamen, enz. werden afgeschaft. In Belgi\u00eb was het niet meteen duidelijk dat de man veranderd was.       <\/p>\n\n<h2 class=\"wp-block-heading\">Toen kwam de donderslag van de Za\u00efrisering. Een tweede klap voor de Belgen na de dekolonisatie?<\/h2>\n\n<p>Op 27 oktober 1971 werd Congo Za\u00efre in naam van de authenticiteit. Dit was paradoxaal, want Mobutu had een lokale naam uitgewist en vervangen door een Europese naam, die de Portugese ontdekkingsreiziger Diego C\u00e3o aan de Congostroom had gegeven. In 1973 werden bedrijven Zairiaans gemaakt, ogenschijnlijk om zich te distanti\u00ebren van de Belgische invloed. In werkelijkheid was het een overval om zijn onstilbare behoefte aan geld en macht te financieren. Het was de voorbode van de ondergang van priv\u00e9bedrijven (brouwerijen, oliemolens, plantages, veehouderijen, enz.) en zelfs van hun ontmanteling. In feite kon niemand zien hoe het land de corruptie, de willekeur en de centralisatie van alle rijkdommen het hoofd kon bieden, terwijl het volk, dat aan zijn lot werd overgelaten &#8211; het beroemde &#8220;Artikel 15&#8221;: &#8220;Zoek het zelf maar uit&#8221; &#8211; in brigades zingend en dansend op de glorie van de leider werd gehouden. Mobutu probeerde terug te krabbelen, maar het was te laat. Het gereedschap was verspild en het vertrouwen was verdwenen. Temeer daar een andere hold-up begon, die van de pensioenen die Belgi\u00eb toekende aan Congolese oorlogsveteranen.        <\/p>\n\n<h2 class=\"wp-block-heading\">Hoe reageerde Belgi\u00eb?<\/h2>\n\n<p>Mobutu wist als geen ander hoe hij de erfenis van de kolonisatie moest uitbuiten. In die tijd vond men het normaal dat Za\u00efre, zoals zoveel andere landen, de controle terugnam. Van 1976 tot 1978 werkte ik op de economische afdeling van onze ambassade in Kinshasa en moesten we honderden dossiers behandelen. Maar in kringen die met Congo verbonden waren, bestond de wil om daarover heen te gaan. In 1977 herinner ik me een bezoek van Paul-Emile Corbiau, gouverneur van de Generale Maatschappij van Belgi\u00eb, en Raymond Pulinckx van het VBO. Ik had nota&#8217;s voor hen voorbereid, maar mijn oversten vroegen me om alles wat kritiek was eruit te halen&#8230; Ik had met name geschreven dat het land geen infrastructuur onderhield en dat dit binnen afzienbare     <br\/>tijd zou verdwijnen. In de Belgische pers was de toon er niet langer een van begrip voor &#8220;Bantoe-eigenaardigheden&#8221;, maar van scherpzinnigheid tegenover een land in verval. <\/p>\n\n<p>Dat weerhield Wilfried Martens er niet van om zijn beroemde hartenkreet te slaken: &#8220;Ik hou van dit land, zijn volk en zijn leiders&#8221;, uitgesproken in 1981 bij de Inga-dam\u2026<\/p>\n\n<p>Deze hartenkreet kwam als een schok. Ik heb me laten vertellen dat Martens werd meegesleept door de onvergelijkbare charme van het onthaal, van het vliegtuig, van de honderden dansers, de processies&#8230; Het is hem ontgaan en het zal hem nog lang kwalijk genomen worden. Om hem te verdedigen, moeten we niet vergeten dat Mobutu in die tijd nog steeds werd gezien als een beschermer tegen chaos en een bolwerk tegen de Sovjet-Unie. Om de invloed van Moskou en de opkomst van de Volksbeweging voor de Bevrijding van Angola (MPLA) in te dammen, verklaarde Henry Kissinger al in 1975: &#8220;Mobutu is een bloedige bastaard, maar hij is onze enige hoop&#8221;.   <\/p>\n\n<p>De schuldencrisis zal een ander struikelblok vormen. We herinneren ons Mobutu&#8217;s beroemde uitspraak in 1988: &#8220;Ik wachtte op vrienden, ik vond accountants&#8221;&#8230; <\/p>\n\n<p>Mobutu, met een chronisch tekort aan vers geld, rekende op Martens om schuldverlichting te bekomen en om de zaak voor te leggen aan de donoren. Maar Belgi\u00eb, gedesillusioneerd, stemde enkel in om enkele jaarlijkse schijven te schrappen. Mobutu werd boos. Tindemans, die inmiddels minister van Buitenlandse Zaken was geworden, bracht toen een ge\u00efmproviseerd bezoek aan Kinshasa, buiten het weten van Martens, om te proberen de twee landen terug samen te brengen. Maar Mobutu wees hem ook af, want Tindemans had niets te bieden&#8230; Hoewel Belgi\u00eb zich op dat moment karig heeft getoond, bewees het later dat het gul en creatief kon zijn in zijn steun: toen Congo in 2002 zijn achterstallige betalingen aan de Bretton Woods-instellingen moest inlossen om nieuwe leningen te kunnen krijgen, voerde de Nationale Bank van Belgi\u00eb op instigatie van Fons Verplaetse een discrete operatie uit voor een bedrag van 700 miljoen dollar, waardoor nieuwe aflossingen aan Congo konden worden betaald.    <\/p>\n\n<h2 class=\"wp-block-heading\">Aan het einde van de Koude Oorlog werd Mobutu gedestabiliseerd. Hij verloor zijn strategische rol, zijn vriend Ceausescu werd ge\u00ebxecuteerd, hij werd bang, kondigde een meerpartijenstelsel aan&#8230; en bleef Belgi\u00eb aanvallen. Was het bloedbad van Lubumbashi in 1990 de aanleiding voor een volledige breuk in de samenwerking?  <\/h2>\n\n<p>De bilaterale betrekkingen waren al aanzienlijk verslechterd. Het is een constante sinds 1960: wanneer het Congolese regime in het nauw gedreven wordt door de eigen bevolking, is Belgi\u00eb de favoriete zwakkeling. Het verzoek van Mark Eyskens om een internationale onderzoekscommissie in Lubumbashi op te richten, maakte de situatie alleen maar erger. Mobutu kondigde het einde van de samenwerking af en ontsloeg alle Belgische hulpverleners die niet afhankelijk waren van de Za\u00efrese staat. Er was de bemiddeling van koning Hassan II nodig om te voorkomen dat de diplomatieke betrekkingen werden verbroken. Mark Eyskens en zijn tegenhanger Nguz-a-Karl I Bond ontmoetten elkaar in Rabat. Dit stelde Mobutu en Martens in staat om een overeenkomst te sluiten die lang geheim is gehouden. Vanaf 1988 begonnen de krampen van het einde van het bewind. Mobutu zat ofwel op zijn boot, de Kamanyola, ofwel in Gbadolite, want hij kon niet op tegen Kinshasa en de vijandige marsen, vooral van christenen. In 1991 en 1993 braken er rellen en plunderingen uit in Kinshasa, waardoor Belgi\u00eb zich genoodzaakt zag evacuaties te organiseren. De scheiding met Brussel werd geconcretiseerd. Koningin Fabiola verzet zich in 1993 tegen de aanwezigheid van Mobutu op de begrafenis van koning Boudewijn.           <\/p>\n\n<h2 class=\"wp-block-heading\">De genocide op de Tutsi&#8217;s in Rwanda in 1994 zou drie jaar later onrechtstreeks leiden tot de val van een stervend regime. Welke rol speelde Belgi\u00eb onder de grootmachten tegenover Laurent-D\u00e9sir\u00e9 Kabila? <\/h2>\n\n<p>Voor Belgi\u00eb was het de bedoeling om de regio zo snel mogelijk te helpen stabiliseren, want het was een bron van spanning en wanorde geworden die de Rwandese tragedie van 1994 dreigde te herhalen. Er was voortdurend overleg tussen Brussel, Washington en Parijs. Belgi\u00eb had besloten Mobutu, die de van de macht verdreven partij in Rwanda steunde, te dumpen. Parijs deed zijn uiterste best om hem aan de macht te houden, maar we wisten dat het een verloren strijd was.   <\/p>\n\n<p>De Amerikanen volgden dit alles vanuit het oogpunt van de communistische connecties van Laurent D\u00e9sir\u00e9 Kabila, woordvoerder van de Alliance des forces d\u00e9mocratiques pour la lib\u00e9ration du Congo (AFDL, rebellie). We kozen ervoor om vanaf het begin geen contact met hem te zoeken. Toen zijn troepen in Kisangani aankwamen, ging mijn collega Christian Monnoyer hem ontmoeten. Op dat moment was ik in Oeganda gestationeerd en ik wist dat Kampala van plan was om de AFDL discreet te steunen. Kortom, we hadden een dubbel gevoel : opluchting toen Mobutu werd afgezet en ontzetting toen Kabila Libi\u00eb, Noord-Korea en Cuba noemde als zijn voorkeurspartners.      <\/p>\n\n<h2 class=\"wp-block-heading\">Laurent-D\u00e9sir\u00e9 Kabila werd in 2001 vermoord en zijn zoon Joseph kwam aan de macht. Aanvankelijk kreeg hij de warme steun van Louis Michel. Maar in 2008 hekelde Karel De Gucht, die hem opvolgde, de &#8220;corruptie van de Congolese elites&#8221;. Is dit weer een geval van het Mobutu-syndroom dat onze relaties treft?   <\/h2>\n\n<p>Net als Mobutu accepteert Joseph Kabila geen kritiek en beweert hij dat het land &#8220;soeverein&#8221; is in een poging de kritiek te ontwijken. Niemand liet zich echter misleiden door de kleptocratische ori\u00ebntatie van het Kabila-regime, dat zijn eigen macht wilde consolideren en een fortuin wilde verdienen aan de wederopbouw. Internationale partners waren sterk betrokken bij de hervorming van de veiligheidssector en de integratie van ex-rebellen. Maar het regime besteedde hier maar weinig aandacht aan, terwijl het de wanorde in de Kivu&#8217;s liet voortduren. Het was ook een tijd van ondoorzichtige deals over mijnbouwbronnen, de beroemde &#8220;Chinese contracten&#8221; en de opkomst van Dan Gertler, een expert in sappige regelingen, vooral voor zichzelf. De Panama Papers lichtten later een tipje van de sluier op, maar die viel al snel weg in Congo, waar de rechterlijke macht werd gevraagd een oogje dicht te knijpen. Een recente studie van de Wereldbank onthulde ook een vrij directe correlatie tussen de fondsen van de Bank en de export van kapitaal naar belastingparadijzen&#8230;      <\/p>\n\n<h2 class=\"wp-block-heading\">De Belgische ministers van Buitenlandse Zaken hebben Congo op verschillende manieren benaderd. Hoe zou u hen classificeren? <\/h2>\n\n<p>Van degenen die zich echt hebben ingezet, noem ik de ministers Leo Tindemans (CD&amp;V), Mark Eyskens (CD&amp;V), Willy Claes (SP-A), Louis Michel (MR), Karel De Gucht (OpenVLD) en natuurlijk Didier Reynders (MR). Anderen hadden wel beleid ge\u00efnitieerd maar hun mandaat was te kort, zoals Frank Vandenbroucke (SP-A) en Steven Vanackere (CD&amp;V), om het volledig uit te voeren. En laten we ook de ministers van Defensie, Samenwerking en andere portefeuilles niet vergeten die dicht bij elkaar zaten en nog steeds zitten. Het minst betrokken lijkt me Eric De Rycke (SP-A), die door omstandigheden minister van Buitenlandse Zaken werd, na het gedwongen ontslag van Frank Vandenbroucke. Het beleid dat Belgi\u00eb in Congo voert, is echter altijd onderwerp geweest van parlementair debat en kon rekenen op de steun van een meerderheid. Dat was het geval voor het beleid van terugtrekking dat Louis Michel vanaf zijn aantreden als minister in 1999 voorstond, voor het terughoudende beleid van Karel De Gucht en voor het pragmatische maar principi\u00eble beleid van de ministers Vanackere en Reynders. Het Parlement was bijna unaniem in zijn steun voor hem tegenover de meedogenloze pogingen van Joseph Kabila om na zijn tweede termijn aan de macht te blijven.      <\/p>\n\n<h2 class=\"wp-block-heading\">Zijn we met F\u00e9lix Tshisekedi weer op de goede weg?<\/h2>\n\n<p>De normalisering van de betrekkingen met president Tshisekedi na zijn inhuldiging is een kwestie van realpolitik. Enerzijds heeft de nieuwe president in zijn inauguratierede onmiddellijk zijn waardering voor Belgi\u00eb uitgesproken en zijn intentie om een einde te maken aan de sancties en de cyclus van op- en neergaande relaties. Vandaar onze politiek van welwillende neutraliteit van bij het begin.  <br\/>Anderzijds heeft de Congolese bevolking niet gereageerd op de omzeiling van de verkiezingsuitslag, die Martin Fayulu als winnaar aanwees. Bovendien heeft Afrika de nieuwe regering gesteund. De eerste ontmoeting van Didier Reynders met president Tshisekedi vond plaats op 4 april 2019 in Washington. Vervolgens werd ik begin mei 2019 naar Kinshasa gestuurd, vergezeld van generaal-majoor Philippe Boucke, die de adjudant van koning Filip was geweest, om de normalisering te bezegelen en het offici\u00eble bezoek voor te bereiden dat in september 2019 plaatsvond. Ik merk hierbij op dat het Congolese staatshoofd Belgi\u00eb graag wilde reserveren voor zijn eerste offici\u00eble bezoek aan Europa.    <\/p>\n\n<h2 class=\"wp-block-heading\">Moeten we nauwe betrekkingen blijven onderhouden met Congo?<\/h2>\n\n<p>Vandaag willen sommigen, vooral in Vlaanderen, dat Belgi\u00eb zijn onmiddellijke prioritaire belangen in Afrika herziet. Waarom? Omwille van de impact van de crisis in de Sahel, op het vlak van terrorisme en migratie. Als Belgi\u00eb zich meer zou engageren in de Sahel, ten nadele van een blijvend engagement in Centraal-Afrika, zouden we op internationaal niveau waardevolle troeven verliezen. In de Sahel zouden we in de voetsporen treden van de Fransen, terwijl we ondertussen onze unieke expertise in Centraal-Afrika zouden verliezen. Afgezien van de wisselvalligheden geniet ons land van een uniek kapitaal aan sympathie bij de Congolese bevolking. Geen enkele andere regio ter wereld, zelfs Rwanda en Burundi niet, heeft zoveel banden met de Belgen, zelfs niet in de meest afgelegen dorpen. De opkomst van een steeds actievere diaspora draagt bij tot het behoud en de ontwikkeling van deze verbondenheid.       <\/p>\n\n<p>Bron:<\/p>\n\n<p>Renier Nijskens &#8220;We moeten onze unieke expertise behouden&#8221;, Fran\u00e7ois Janne d&#8217;Oth\u00e9e, Le Vif (30\/09\/20). Geraadpleegd op 30\/09\/2020 via: https:\/\/www.levif.be\/actualite\/histoire\/renier-nijskens-nous-devons-garder-notre-expertise-unique\/article-normal-1300283.html?cookie_check=1602079206 <\/p>\n","protected":false},"excerpt":{"rendered":"<p>Ere-ambassadeur Renier Nijskens, die zijn lange diplomatieke carri\u00e8re be\u00ebindigde als speciaal gezant van Belgi\u00eb voor Centraal-Afrika, blikt terug op 60 jaar bewogen betrekkingen tussen Brussel en Kinshasa, waarbij Belgi\u00eb vaak [&hellip;]<\/p>\n","protected":false},"author":1,"featured_media":83714,"comment_status":"open","ping_status":"open","sticky":false,"template":"","format":"standard","meta":{"_et_pb_use_builder":"off","_et_pb_old_content":"","_et_gb_content_width":"","footnotes":""},"categories":[12],"tags":[],"class_list":["post-83782","post","type-post","status-publish","format-standard","has-post-thumbnail","hentry","category-urba-kbau"],"yoast_head":"<!-- This site is optimized with the Yoast SEO plugin v27.4 - https:\/\/yoast.com\/product\/yoast-seo-wordpress\/ -->\n<title>Renier Nijskens : \u00ab Wij moeten onze unieke expertise behouden \u00bb - Urba Kbau<\/title>\n<meta name=\"robots\" content=\"index, follow, max-snippet:-1, max-image-preview:large, max-video-preview:-1\" \/>\n<link rel=\"canonical\" href=\"https:\/\/urba-kbau.be\/nl\/renier-nijskens-wij-moeten-onze-unieke-expertise-behouden\/\" \/>\n<meta property=\"og:locale\" content=\"nl_NL\" \/>\n<meta property=\"og:type\" content=\"article\" \/>\n<meta property=\"og:title\" content=\"Renier Nijskens : \u00ab Wij moeten onze unieke expertise behouden \u00bb - Urba Kbau\" \/>\n<meta property=\"og:description\" content=\"Ere-ambassadeur Renier Nijskens, die zijn lange diplomatieke carri\u00e8re be\u00ebindigde als speciaal gezant van Belgi\u00eb voor Centraal-Afrika, blikt terug op 60 jaar bewogen betrekkingen tussen Brussel en Kinshasa, waarbij Belgi\u00eb vaak [&hellip;]\" \/>\n<meta property=\"og:url\" content=\"https:\/\/urba-kbau.be\/nl\/renier-nijskens-wij-moeten-onze-unieke-expertise-behouden\/\" \/>\n<meta property=\"og:site_name\" content=\"Urba Kbau\" \/>\n<meta property=\"article:published_time\" content=\"2020-09-29T15:03:50+00:00\" \/>\n<meta property=\"article:modified_time\" content=\"2024-05-29T14:12:22+00:00\" \/>\n<meta property=\"og:image\" content=\"https:\/\/urba-kbau.be\/wp-content\/uploads\/2024\/01\/roi-albert.webp\" \/>\n\t<meta property=\"og:image:width\" content=\"454\" \/>\n\t<meta property=\"og:image:height\" content=\"202\" \/>\n\t<meta property=\"og:image:type\" content=\"image\/webp\" \/>\n<meta name=\"author\" content=\"urbakbaudev\" \/>\n<meta name=\"twitter:card\" content=\"summary_large_image\" \/>\n<meta name=\"twitter:label1\" content=\"Geschreven door\" \/>\n\t<meta name=\"twitter:data1\" content=\"urbakbaudev\" \/>\n\t<meta name=\"twitter:label2\" content=\"Geschatte leestijd\" \/>\n\t<meta name=\"twitter:data2\" content=\"13 minuten\" \/>\n<script type=\"application\/ld+json\" class=\"yoast-schema-graph\">{\"@context\":\"https:\\\/\\\/schema.org\",\"@graph\":[{\"@type\":\"Article\",\"@id\":\"https:\\\/\\\/urba-kbau.be\\\/nl\\\/renier-nijskens-wij-moeten-onze-unieke-expertise-behouden\\\/#article\",\"isPartOf\":{\"@id\":\"https:\\\/\\\/urba-kbau.be\\\/nl\\\/renier-nijskens-wij-moeten-onze-unieke-expertise-behouden\\\/\"},\"author\":{\"name\":\"urbakbaudev\",\"@id\":\"https:\\\/\\\/urba-kbau.be\\\/nl\\\/#\\\/schema\\\/person\\\/9304a1021e1ba108696cff7c1aa894d5\"},\"headline\":\"Renier Nijskens : \u00ab Wij moeten onze unieke expertise behouden \u00bb\",\"datePublished\":\"2020-09-29T15:03:50+00:00\",\"dateModified\":\"2024-05-29T14:12:22+00:00\",\"mainEntityOfPage\":{\"@id\":\"https:\\\/\\\/urba-kbau.be\\\/nl\\\/renier-nijskens-wij-moeten-onze-unieke-expertise-behouden\\\/\"},\"wordCount\":2616,\"commentCount\":0,\"publisher\":{\"@id\":\"https:\\\/\\\/urba-kbau.be\\\/nl\\\/#organization\"},\"image\":{\"@id\":\"https:\\\/\\\/urba-kbau.be\\\/nl\\\/renier-nijskens-wij-moeten-onze-unieke-expertise-behouden\\\/#primaryimage\"},\"thumbnailUrl\":\"https:\\\/\\\/urba-kbau.be\\\/wp-content\\\/uploads\\\/2024\\\/01\\\/roi-albert.webp\",\"articleSection\":[\"URBA KBAU\"],\"inLanguage\":\"nl-NL\",\"potentialAction\":[{\"@type\":\"CommentAction\",\"name\":\"Comment\",\"target\":[\"https:\\\/\\\/urba-kbau.be\\\/nl\\\/renier-nijskens-wij-moeten-onze-unieke-expertise-behouden\\\/#respond\"]}]},{\"@type\":\"WebPage\",\"@id\":\"https:\\\/\\\/urba-kbau.be\\\/nl\\\/renier-nijskens-wij-moeten-onze-unieke-expertise-behouden\\\/\",\"url\":\"https:\\\/\\\/urba-kbau.be\\\/nl\\\/renier-nijskens-wij-moeten-onze-unieke-expertise-behouden\\\/\",\"name\":\"Renier Nijskens : \u00ab Wij moeten onze unieke expertise behouden \u00bb - Urba Kbau\",\"isPartOf\":{\"@id\":\"https:\\\/\\\/urba-kbau.be\\\/nl\\\/#website\"},\"primaryImageOfPage\":{\"@id\":\"https:\\\/\\\/urba-kbau.be\\\/nl\\\/renier-nijskens-wij-moeten-onze-unieke-expertise-behouden\\\/#primaryimage\"},\"image\":{\"@id\":\"https:\\\/\\\/urba-kbau.be\\\/nl\\\/renier-nijskens-wij-moeten-onze-unieke-expertise-behouden\\\/#primaryimage\"},\"thumbnailUrl\":\"https:\\\/\\\/urba-kbau.be\\\/wp-content\\\/uploads\\\/2024\\\/01\\\/roi-albert.webp\",\"datePublished\":\"2020-09-29T15:03:50+00:00\",\"dateModified\":\"2024-05-29T14:12:22+00:00\",\"breadcrumb\":{\"@id\":\"https:\\\/\\\/urba-kbau.be\\\/nl\\\/renier-nijskens-wij-moeten-onze-unieke-expertise-behouden\\\/#breadcrumb\"},\"inLanguage\":\"nl-NL\",\"potentialAction\":[{\"@type\":\"ReadAction\",\"target\":[\"https:\\\/\\\/urba-kbau.be\\\/nl\\\/renier-nijskens-wij-moeten-onze-unieke-expertise-behouden\\\/\"]}]},{\"@type\":\"ImageObject\",\"inLanguage\":\"nl-NL\",\"@id\":\"https:\\\/\\\/urba-kbau.be\\\/nl\\\/renier-nijskens-wij-moeten-onze-unieke-expertise-behouden\\\/#primaryimage\",\"url\":\"https:\\\/\\\/urba-kbau.be\\\/wp-content\\\/uploads\\\/2024\\\/01\\\/roi-albert.webp\",\"contentUrl\":\"https:\\\/\\\/urba-kbau.be\\\/wp-content\\\/uploads\\\/2024\\\/01\\\/roi-albert.webp\",\"width\":454,\"height\":202},{\"@type\":\"BreadcrumbList\",\"@id\":\"https:\\\/\\\/urba-kbau.be\\\/nl\\\/renier-nijskens-wij-moeten-onze-unieke-expertise-behouden\\\/#breadcrumb\",\"itemListElement\":[{\"@type\":\"ListItem\",\"position\":1,\"name\":\"Home\",\"item\":\"https:\\\/\\\/urba-kbau.be\\\/nl\\\/\"},{\"@type\":\"ListItem\",\"position\":2,\"name\":\"Renier Nijskens : \u00ab Wij moeten onze unieke expertise behouden \u00bb\"}]},{\"@type\":\"WebSite\",\"@id\":\"https:\\\/\\\/urba-kbau.be\\\/nl\\\/#website\",\"url\":\"https:\\\/\\\/urba-kbau.be\\\/nl\\\/\",\"name\":\"Urba Kbau\",\"description\":\"L\u2019histoire commune fa\u00e7onne les amiti\u00e9s\",\"publisher\":{\"@id\":\"https:\\\/\\\/urba-kbau.be\\\/nl\\\/#organization\"},\"potentialAction\":[{\"@type\":\"SearchAction\",\"target\":{\"@type\":\"EntryPoint\",\"urlTemplate\":\"https:\\\/\\\/urba-kbau.be\\\/nl\\\/?s={search_term_string}\"},\"query-input\":{\"@type\":\"PropertyValueSpecification\",\"valueRequired\":true,\"valueName\":\"search_term_string\"}}],\"inLanguage\":\"nl-NL\"},{\"@type\":\"Organization\",\"@id\":\"https:\\\/\\\/urba-kbau.be\\\/nl\\\/#organization\",\"name\":\"Urba Kbau\",\"url\":\"https:\\\/\\\/urba-kbau.be\\\/nl\\\/\",\"logo\":{\"@type\":\"ImageObject\",\"inLanguage\":\"nl-NL\",\"@id\":\"https:\\\/\\\/urba-kbau.be\\\/nl\\\/#\\\/schema\\\/logo\\\/image\\\/\",\"url\":\"https:\\\/\\\/urba-kbau.be\\\/wp-content\\\/uploads\\\/2024\\\/01\\\/Logo_URBA_OK_RVB_edited-e1704291836649.png\",\"contentUrl\":\"https:\\\/\\\/urba-kbau.be\\\/wp-content\\\/uploads\\\/2024\\\/01\\\/Logo_URBA_OK_RVB_edited-e1704291836649.png\",\"width\":251,\"height\":162,\"caption\":\"Urba Kbau\"},\"image\":{\"@id\":\"https:\\\/\\\/urba-kbau.be\\\/nl\\\/#\\\/schema\\\/logo\\\/image\\\/\"}},{\"@type\":\"Person\",\"@id\":\"https:\\\/\\\/urba-kbau.be\\\/nl\\\/#\\\/schema\\\/person\\\/9304a1021e1ba108696cff7c1aa894d5\",\"name\":\"urbakbaudev\",\"image\":{\"@type\":\"ImageObject\",\"inLanguage\":\"nl-NL\",\"@id\":\"https:\\\/\\\/secure.gravatar.com\\\/avatar\\\/fa70bdde687b48499e43b2c0b7c7f8ef0c1747a2e77da0fd7db973789615db73?s=96&d=mm&r=g\",\"url\":\"https:\\\/\\\/secure.gravatar.com\\\/avatar\\\/fa70bdde687b48499e43b2c0b7c7f8ef0c1747a2e77da0fd7db973789615db73?s=96&d=mm&r=g\",\"contentUrl\":\"https:\\\/\\\/secure.gravatar.com\\\/avatar\\\/fa70bdde687b48499e43b2c0b7c7f8ef0c1747a2e77da0fd7db973789615db73?s=96&d=mm&r=g\",\"caption\":\"urbakbaudev\"},\"sameAs\":[\"https:\\\/\\\/urba-kbau.be\"],\"url\":\"https:\\\/\\\/urba-kbau.be\\\/nl\\\/author\\\/urbakbaudev\\\/\"}]}<\/script>\n<!-- \/ Yoast SEO plugin. -->","yoast_head_json":{"title":"Renier Nijskens : \u00ab Wij moeten onze unieke expertise behouden \u00bb - Urba Kbau","robots":{"index":"index","follow":"follow","max-snippet":"max-snippet:-1","max-image-preview":"max-image-preview:large","max-video-preview":"max-video-preview:-1"},"canonical":"https:\/\/urba-kbau.be\/nl\/renier-nijskens-wij-moeten-onze-unieke-expertise-behouden\/","og_locale":"nl_NL","og_type":"article","og_title":"Renier Nijskens : \u00ab Wij moeten onze unieke expertise behouden \u00bb - Urba Kbau","og_description":"Ere-ambassadeur Renier Nijskens, die zijn lange diplomatieke carri\u00e8re be\u00ebindigde als speciaal gezant van Belgi\u00eb voor Centraal-Afrika, blikt terug op 60 jaar bewogen betrekkingen tussen Brussel en Kinshasa, waarbij Belgi\u00eb vaak [&hellip;]","og_url":"https:\/\/urba-kbau.be\/nl\/renier-nijskens-wij-moeten-onze-unieke-expertise-behouden\/","og_site_name":"Urba Kbau","article_published_time":"2020-09-29T15:03:50+00:00","article_modified_time":"2024-05-29T14:12:22+00:00","og_image":[{"width":454,"height":202,"url":"https:\/\/urba-kbau.be\/wp-content\/uploads\/2024\/01\/roi-albert.webp","type":"image\/webp"}],"author":"urbakbaudev","twitter_card":"summary_large_image","twitter_misc":{"Geschreven door":"urbakbaudev","Geschatte leestijd":"13 minuten"},"schema":{"@context":"https:\/\/schema.org","@graph":[{"@type":"Article","@id":"https:\/\/urba-kbau.be\/nl\/renier-nijskens-wij-moeten-onze-unieke-expertise-behouden\/#article","isPartOf":{"@id":"https:\/\/urba-kbau.be\/nl\/renier-nijskens-wij-moeten-onze-unieke-expertise-behouden\/"},"author":{"name":"urbakbaudev","@id":"https:\/\/urba-kbau.be\/nl\/#\/schema\/person\/9304a1021e1ba108696cff7c1aa894d5"},"headline":"Renier Nijskens : \u00ab Wij moeten onze unieke expertise behouden \u00bb","datePublished":"2020-09-29T15:03:50+00:00","dateModified":"2024-05-29T14:12:22+00:00","mainEntityOfPage":{"@id":"https:\/\/urba-kbau.be\/nl\/renier-nijskens-wij-moeten-onze-unieke-expertise-behouden\/"},"wordCount":2616,"commentCount":0,"publisher":{"@id":"https:\/\/urba-kbau.be\/nl\/#organization"},"image":{"@id":"https:\/\/urba-kbau.be\/nl\/renier-nijskens-wij-moeten-onze-unieke-expertise-behouden\/#primaryimage"},"thumbnailUrl":"https:\/\/urba-kbau.be\/wp-content\/uploads\/2024\/01\/roi-albert.webp","articleSection":["URBA KBAU"],"inLanguage":"nl-NL","potentialAction":[{"@type":"CommentAction","name":"Comment","target":["https:\/\/urba-kbau.be\/nl\/renier-nijskens-wij-moeten-onze-unieke-expertise-behouden\/#respond"]}]},{"@type":"WebPage","@id":"https:\/\/urba-kbau.be\/nl\/renier-nijskens-wij-moeten-onze-unieke-expertise-behouden\/","url":"https:\/\/urba-kbau.be\/nl\/renier-nijskens-wij-moeten-onze-unieke-expertise-behouden\/","name":"Renier Nijskens : \u00ab Wij moeten onze unieke expertise behouden \u00bb - Urba Kbau","isPartOf":{"@id":"https:\/\/urba-kbau.be\/nl\/#website"},"primaryImageOfPage":{"@id":"https:\/\/urba-kbau.be\/nl\/renier-nijskens-wij-moeten-onze-unieke-expertise-behouden\/#primaryimage"},"image":{"@id":"https:\/\/urba-kbau.be\/nl\/renier-nijskens-wij-moeten-onze-unieke-expertise-behouden\/#primaryimage"},"thumbnailUrl":"https:\/\/urba-kbau.be\/wp-content\/uploads\/2024\/01\/roi-albert.webp","datePublished":"2020-09-29T15:03:50+00:00","dateModified":"2024-05-29T14:12:22+00:00","breadcrumb":{"@id":"https:\/\/urba-kbau.be\/nl\/renier-nijskens-wij-moeten-onze-unieke-expertise-behouden\/#breadcrumb"},"inLanguage":"nl-NL","potentialAction":[{"@type":"ReadAction","target":["https:\/\/urba-kbau.be\/nl\/renier-nijskens-wij-moeten-onze-unieke-expertise-behouden\/"]}]},{"@type":"ImageObject","inLanguage":"nl-NL","@id":"https:\/\/urba-kbau.be\/nl\/renier-nijskens-wij-moeten-onze-unieke-expertise-behouden\/#primaryimage","url":"https:\/\/urba-kbau.be\/wp-content\/uploads\/2024\/01\/roi-albert.webp","contentUrl":"https:\/\/urba-kbau.be\/wp-content\/uploads\/2024\/01\/roi-albert.webp","width":454,"height":202},{"@type":"BreadcrumbList","@id":"https:\/\/urba-kbau.be\/nl\/renier-nijskens-wij-moeten-onze-unieke-expertise-behouden\/#breadcrumb","itemListElement":[{"@type":"ListItem","position":1,"name":"Home","item":"https:\/\/urba-kbau.be\/nl\/"},{"@type":"ListItem","position":2,"name":"Renier Nijskens : \u00ab Wij moeten onze unieke expertise behouden \u00bb"}]},{"@type":"WebSite","@id":"https:\/\/urba-kbau.be\/nl\/#website","url":"https:\/\/urba-kbau.be\/nl\/","name":"Urba Kbau","description":"L\u2019histoire commune fa\u00e7onne les amiti\u00e9s","publisher":{"@id":"https:\/\/urba-kbau.be\/nl\/#organization"},"potentialAction":[{"@type":"SearchAction","target":{"@type":"EntryPoint","urlTemplate":"https:\/\/urba-kbau.be\/nl\/?s={search_term_string}"},"query-input":{"@type":"PropertyValueSpecification","valueRequired":true,"valueName":"search_term_string"}}],"inLanguage":"nl-NL"},{"@type":"Organization","@id":"https:\/\/urba-kbau.be\/nl\/#organization","name":"Urba Kbau","url":"https:\/\/urba-kbau.be\/nl\/","logo":{"@type":"ImageObject","inLanguage":"nl-NL","@id":"https:\/\/urba-kbau.be\/nl\/#\/schema\/logo\/image\/","url":"https:\/\/urba-kbau.be\/wp-content\/uploads\/2024\/01\/Logo_URBA_OK_RVB_edited-e1704291836649.png","contentUrl":"https:\/\/urba-kbau.be\/wp-content\/uploads\/2024\/01\/Logo_URBA_OK_RVB_edited-e1704291836649.png","width":251,"height":162,"caption":"Urba Kbau"},"image":{"@id":"https:\/\/urba-kbau.be\/nl\/#\/schema\/logo\/image\/"}},{"@type":"Person","@id":"https:\/\/urba-kbau.be\/nl\/#\/schema\/person\/9304a1021e1ba108696cff7c1aa894d5","name":"urbakbaudev","image":{"@type":"ImageObject","inLanguage":"nl-NL","@id":"https:\/\/secure.gravatar.com\/avatar\/fa70bdde687b48499e43b2c0b7c7f8ef0c1747a2e77da0fd7db973789615db73?s=96&d=mm&r=g","url":"https:\/\/secure.gravatar.com\/avatar\/fa70bdde687b48499e43b2c0b7c7f8ef0c1747a2e77da0fd7db973789615db73?s=96&d=mm&r=g","contentUrl":"https:\/\/secure.gravatar.com\/avatar\/fa70bdde687b48499e43b2c0b7c7f8ef0c1747a2e77da0fd7db973789615db73?s=96&d=mm&r=g","caption":"urbakbaudev"},"sameAs":["https:\/\/urba-kbau.be"],"url":"https:\/\/urba-kbau.be\/nl\/author\/urbakbaudev\/"}]}},"_links":{"self":[{"href":"https:\/\/urba-kbau.be\/nl\/wp-json\/wp\/v2\/posts\/83782","targetHints":{"allow":["GET"]}}],"collection":[{"href":"https:\/\/urba-kbau.be\/nl\/wp-json\/wp\/v2\/posts"}],"about":[{"href":"https:\/\/urba-kbau.be\/nl\/wp-json\/wp\/v2\/types\/post"}],"author":[{"embeddable":true,"href":"https:\/\/urba-kbau.be\/nl\/wp-json\/wp\/v2\/users\/1"}],"replies":[{"embeddable":true,"href":"https:\/\/urba-kbau.be\/nl\/wp-json\/wp\/v2\/comments?post=83782"}],"version-history":[{"count":0,"href":"https:\/\/urba-kbau.be\/nl\/wp-json\/wp\/v2\/posts\/83782\/revisions"}],"wp:featuredmedia":[{"embeddable":true,"href":"https:\/\/urba-kbau.be\/nl\/wp-json\/wp\/v2\/media\/83714"}],"wp:attachment":[{"href":"https:\/\/urba-kbau.be\/nl\/wp-json\/wp\/v2\/media?parent=83782"}],"wp:term":[{"taxonomy":"category","embeddable":true,"href":"https:\/\/urba-kbau.be\/nl\/wp-json\/wp\/v2\/categories?post=83782"},{"taxonomy":"post_tag","embeddable":true,"href":"https:\/\/urba-kbau.be\/nl\/wp-json\/wp\/v2\/tags?post=83782"}],"curies":[{"name":"wp","href":"https:\/\/api.w.org\/{rel}","templated":true}]}}